{"id":8165,"date":"2019-05-20T12:08:54","date_gmt":"2019-05-20T09:08:54","guid":{"rendered":"https:\/\/intersalon.ee\/?p=8165"},"modified":"2019-05-20T12:10:40","modified_gmt":"2019-05-20T09:10:40","slug":"suvine-naohooldus","status":"publish","type":"post","link":"https:\/\/intersalon.ee\/en\/suvine-naohooldus\/","title":{"rendered":"Kevadsuvine n\u00e4ohooldus"},"content":{"rendered":"<div class=\"wpb-content-wrapper\"><section class=\"content-section full-width with-col cover custom-padding rella-no-margin    content-section-69f22fd15de1e\"><div class=\"row vc_row-fluid\"><div class=\"wpb_column col-md-12\"><h2  class=\"section-title  mb-70 mb-sm-40 font-alt align-left\" >Kevadsuvine n\u00e4ohooldus<\/h2><\/div><\/div><\/section><section  class=\"content-section full-width with-col cover rella-no-padding rella-no-margin    content-section-69f22fd15debe\"><div class=\"row vc_row-fluid\"><div class=\"wpb_column col-md-12\"><div class=\"section-text text-block \" ><div>Kevadsuvisel perioodil, kui ilmad muutuvad \u00fcha soojemaks ning p\u00e4ike intensiivsemaks, v\u00f5ib tunduda, et ka nahk muutub justkui iseenesest s\u00e4ravamaks. Siiski vajab just sel perioodil n\u00e4onahk hoolitsust, sest meie kliima talvine periood kipub n\u00e4ole koormavalt m\u00f5juma. Uurisime <strong>Intersaloni kosmeetikult <a href=\"https:\/\/intersalon.ee\/meist\/laura-salla\/\">Laura Sallalt<\/a><\/strong> j\u00e4rele, kuidas oma n\u00e4onahka praegusel aastaajal hooldada.<\/div>\n<div><\/div>\n<\/div><\/div><\/div><\/section><section  class=\"content-section full-width with-col cover custom-padding rella-no-margin    content-section-69f22fd15df9c\"><div class=\"row vc_row-fluid\"><div class=\"wpb_column col-md-12\"><div class=\"section-text text-block \" ><div><\/div>\n<div>Kuna n\u00e4onahk kipub vastavalt aastaajale \u00a0pisut muutuma, v\u00f5ib talvine n\u00e4ohooldus suvisest \u00fcsna palju erineda. Kevadel vajab n\u00e4onahk veidike lisaturgutust, et pikast talveunest \u00e4rgata ning s\u00e4rada. Kindlasti on vitamiinid ja niisutus \u00a0siinkohal eriti olulised. Suvel tuleks aga keskenduda pigem naha kaitsmisele p\u00e4ikese ja kuivuse eest. Selleks, et oma n\u00e4onahka talveunest \u00e4ratada&#8230;<\/div>\n<\/div><\/div><\/div><\/section><section  class=\"content-section full-width with-col cover custom-padding rella-no-margin    content-section-69f22fd15e01f\"><div class=\"row vc_row-fluid\"><div class=\"wpb_column col-md-12\"><div class=\"section-text text-block \" ><div><strong>\u2026 tasuks tulla kosmeetiku juurde n\u00e4ohooldusesse.<\/strong> Kuidas \u00fcldse valida endale sobivaim n\u00e4ohooldus?<\/div>\n<div>Tegelikult ei peagi endale ise n\u00e4ohoolust valima. K\u00f5ige \u00f5igem soovitus oleks tulla kosmeetiku juurde ning koos temaga sobiv hoolitsus v\u00e4lja valida. Kosmeetik oskab anda professionaalse hinnangu naha seisundile ning valib kliendile sobivad tooted vastavalt naha t\u00fc\u00fcbile. Kuna \u00a0n\u00e4onahk ja selle erip\u00e4ra on inimeseti niiv\u00f5rd erinev, siis siinkohal ei pruugi \u00fchtmoodi tulemust andvana m\u00f5juda hoolitsus, mis tehti Sinu s\u00f5brannale &#8211; k\u00f5ige \u00f5igema ja personaalsema suuna n\u00e4ohooldus(t)e valikul saab siiski anda kosmeetik. Paljud inimesed pole kunagi oma elus kosmeetikut k\u00fclastanud, olgu selleks hirm, h\u00e4bitunne v\u00f5i lihtsalt tunne, et kosmeetiku juures pole tarvis k\u00e4ia. Siiski on kosmeetiku juures oluline aeg-ajalt k\u00e4ia, sest&#8230;<\/div>\n<\/div><\/div><\/div><\/section><section  class=\"content-section full-width with-col cover custom-padding rella-no-margin    content-section-69f22fd15e0a6\"><div class=\"row vc_row-fluid\"><div class=\"wpb_column col-md-12\"><div class=\"section-text text-block \" ><div><strong>\u2026nahk on inimese suurim organ ja \u00fcldse mitte v\u00e4hem t\u00e4htis, kui s\u00fcda v\u00f5i kopsud.<\/strong> Kosmeetiku k\u00fclastamine on oluline, et tagada terve, tugev ja nooruslik nahk. Kosmeetiku juurde on oodatud k\u00f5ik inimesed. Siiski ei saa kosmeetik klienti aidata nahahaiguste puhul, vaid sellisel juhul tuleks kindlasti p\u00f6\u00f6rduda nahaarsti poole. Samuti ei saa n\u00e4ohooldusi teostada ohatise, palaviku v\u00f5i nahavigastuste korral. Kosmeetiku regulaarne k\u00fclastamine aitab nahal s\u00e4rava ja tervena p\u00fcsida. Kosmeetiku k\u00fclastamine ei ole oluline vaid naisterahvastele. T\u00e4pselt samamoodi peaksid kosmeetikut k\u00fclastama ka mehed. Meeste n\u00e4onahk on \u00fcldjuhul rasusem, kui naiste oma. Samuti vajab t\u00e4helepanu ka \u00f5rn nahk habeme piirkonnas. Samamoodi nagu naised, ei pea ka mehed endale hooldust ise valima, vaid kosmeetik valib n\u00e4ohoolduse vastavalt vajadusele &#8211; nahat\u00fc\u00fcbi ja hetkeseisundi j\u00e4rgi. Selleks, et n\u00e4onahk oleks p\u00fcsivalt kaunis\u2026.<\/div>\n<\/div><\/div><\/div><\/section><section  class=\"content-section full-width with-col cover custom-padding rella-no-margin    content-section-69f22fd15e119\"><div class=\"row vc_row-fluid\"><div class=\"wpb_column col-md-12\"><div class=\"section-text text-block \" ><div><strong>&#8230;oleks soovitav kosmeetikut k\u00fclastada keskmiselt korra kahe kuu jooksul.<\/strong> Siiski kipub see intervall tegelikkuses olema pigem individuaalne. Parim variant on, kui kosmeetik m\u00e4\u00e4rab just kliendi nahale ja seisukorrale sobiva hooldusplaani. Suvisel perioodil ei tasu teha tugevalt aktiivseid hooldusi (nt keemiline koorimine). Soovituslik oleks keemiline koorimine j\u00e4tta s\u00fcgis-talvisesse perioodi. Kui on aga suur soov protseduuri suvisel ajal l\u00e4bi viia, tasuks teha pigem kergemat keemilist koorimist. V\u00e4ga oluline on kasutada suvel p\u00e4ikesekaitsekreemi. Kui kosmeetiku juurde ei j\u00f5ua, tasub meeles pidada&#8230;<\/div>\n<\/div><\/div><\/div><\/section><section  class=\"content-section full-width with-col cover custom-padding rella-no-margin    content-section-69f22fd15e18e\"><div class=\"row vc_row-fluid\"><div class=\"wpb_column col-md-12\"><div class=\"section-text text-block \" ><div><strong>\u2026. igap\u00e4evast kodust hooldust, mis on nahale v\u00e4ga t\u00e4htis.<\/strong><\/div>\n<div>Kindlasti peaks igal \u00f5htul naha korralikult meigist, mustusest ja rasust puhastama, toniseerima ja seej\u00e4rel kasutama \u00f6\u00f6kreemi v\u00f5i 24h kreemi. Hommikuti kasutada p\u00e4evakreemi, milles v\u00f5iks ideaalis sisalduda ka p\u00e4ikesekaitse. Korra n\u00e4dalas oleks hea n\u00e4onahka koorida ja teha maski vastavalt vajadusele. V\u00e4ga mugavad on kangasmaskid (sheet mask), mida on poodides \u00a0lai valik. Populaarsed on ka ise kodus valmistatud maskid, kuid sel juhul tuleb j\u00e4lgida, et koostisainete toime sobiks nahale. Intersaloni kosmeetikul on pakkuda n\u00fc\u00fcdsest uus teenus\u2026<\/div>\n<\/div><\/div><\/div><\/section><section  class=\"content-section full-width with-col cover custom-padding rella-no-margin    content-section-69f22fd15e20a\"><div class=\"row vc_row-fluid\"><div class=\"wpb_column col-md-12\"><div class=\"section-text text-block \" ><div><strong>\u2026 mis sobib suvisesse perioodi eriti h\u00e4sti.<\/strong> Suvisel puhkuste perioodil vajame rohkem mugavust ja aega, kuid soovime endiselt kaunid v\u00e4lja n\u00e4ha. Lash Lift ehk ripsmete keemiline koolutamine aitab ripsmetel kaunid paista ka ilma ripsmetu\u0161ita. Lash Lift tagab ripsmete kaarja hoiaku suunaga \u00fcles, muutes silmad visuaalselt avatumaks. Samuti tunduvad ripsmed pikemad. Koolutamise protseduuri viiakse l\u00e4bi iga 1,5-2 kuu tagant. Seega p\u00fcsib tulemus kaunis terve Sinu puhkuse v\u00e4ltel. Lash Lifti k\u00e4igus koolutatakse \u00a0vaid ripsmete keskosa, j\u00e4ttes ripsmejuure puutumata. Koolutamiseks kasutatavad geelid on h\u00fcpoallergeensed ja koolutada v\u00f5ib ka \u00f5rnemat ja peenemat ripsmekarva. Seet\u00f5ttu sobib Lash Lift k\u00f5igile.<\/div>\n<\/div><\/div><\/div><\/section><section  class=\"content-section full-width with-col cover custom-padding rella-no-margin    content-section-69f22fd15e279\"><div class=\"row vc_row-fluid\"><div class=\"wpb_column col-md-12\"><div class=\"section-text text-block \" ><div><strong>Kasuta v\u00f5imalust ja tule Laura juurde n\u00e4ohooldusesse v\u00f5i Lash Lifti, sest kuni 10.juunini on need teenused -15% soodsamad!<\/strong><\/div>\n<\/div><\/div><\/div><\/section><section  class=\"content-section full-width with-col cover custom-padding rella-no-margin    content-section-69f22fd15e2fb\"><div class=\"row vc_row-fluid\"><div class=\"wpb_column col-md-12\"><div  class=\"mb-10\"><a href=\"https:\/\/online.saloninfra.ee\/intersalon\" title=\"\" target=\"_blank\" class=\"btn  btn-mod  btn-small btn-solid btn-round\"> Broneeri aeg Laura juurde <\/a><\/div><\/div><\/div><\/section>\n<\/div>","protected":false},"excerpt":{"rendered":"<p>Kevadsuvisel perioodil, kui ilmad muutuvad \u00fcha soojemaks ning p\u00e4ike intensiivsemaks, v\u00f5ib tunduda, et ka nahk muutub justkui iseenesest s\u00e4ravamaks. Siiski vajab just sel perioodil n\u00e4onahk hoolitsust, sest meie kliima talvine periood kipub n\u00e4ole koormavalt m\u00f5juma. Uurisime Intersaloni kosmeetikult Laura Sallalt j\u00e4rele, kuidas oma n\u00e4onahka praegusel aastaajal hooldada.<\/p>\n","protected":false},"author":1,"featured_media":8168,"comment_status":"closed","ping_status":"closed","sticky":false,"template":"","format":"standard","meta":{"inline_featured_image":false,"footnotes":"","_wp_rev_ctl_limit":""},"categories":[304,163,151],"tags":[306,300,307,161,305],"class_list":["post-8165","post","type-post","status-publish","format-standard","has-post-thumbnail","hentry","category-kosmeetik","category-pakkumised","category-salongi-uudised","tag-kevadsuvine-naohooldus","tag-kosmeetik","tag-lash-lift","tag-laura-salla","tag-naohooldus"],"yoast_head":"<!-- This site is optimized with the Yoast SEO plugin v27.1.1 - https:\/\/yoast.com\/product\/yoast-seo-wordpress\/ -->\n<title>Kevadsuvine n\u00e4ohooldus - Ilusalong Intersalon<\/title>\n<meta name=\"description\" content=\"Kevadsuvisel perioodil, kui ilmad muutuvad \u00fcha soojemaks ning p\u00e4ike intensiivsemaks, v\u00f5ib tunduda, et ka nahk muutub justkui iseenesest s\u00e4ravamaks. Siiski vajab just sel perioodil n\u00e4onahk hoolitsust, sest meie kliima talvine periood kipub n\u00e4ole koormavalt m\u00f5juma. Uurisime Intersaloni kosmeetikult Laura Sallalt j\u00e4rele, kuidas oma n\u00e4onahka praegusel aastaajal hooldada.\" \/>\n<meta name=\"robots\" content=\"index, follow, max-snippet:-1, max-image-preview:large, max-video-preview:-1\" \/>\n<link rel=\"canonical\" href=\"https:\/\/intersalon.ee\/suvine-naohooldus\/\" \/>\n<meta property=\"og:locale\" content=\"en_US\" \/>\n<meta property=\"og:type\" content=\"article\" \/>\n<meta property=\"og:title\" content=\"Kevadsuvine n\u00e4ohooldus\" \/>\n<meta property=\"og:description\" content=\"Kevadsuvisel perioodil, kui ilmad muutuvad \u00fcha soojemaks ning p\u00e4ike intensiivsemaks, v\u00f5ib tunduda, et ka nahk muutub justkui iseenesest s\u00e4ravamaks. Siiski vajab just sel perioodil n\u00e4onahk hoolitsust, sest meie kliima talvine periood kipub n\u00e4ole koormavalt m\u00f5juma. Uurisime Intersaloni kosmeetikult Laura Sallalt j\u00e4rele, kuidas oma n\u00e4onahka praegusel aastaajal hooldada.\" \/>\n<meta property=\"og:url\" content=\"https:\/\/intersalon.ee\/suvine-naohooldus\/\" \/>\n<meta property=\"og:site_name\" content=\"Ilusalong Intersalon\" \/>\n<meta property=\"article:publisher\" content=\"https:\/\/www.facebook.com\/IlusalongIntersalon\" \/>\n<meta property=\"article:published_time\" content=\"2019-05-20T09:08:54+00:00\" \/>\n<meta property=\"article:modified_time\" content=\"2019-05-20T09:10:40+00:00\" \/>\n<meta property=\"og:image\" content=\"https:\/\/intersalon.ee\/wp-content\/uploads\/2019\/05\/AdobeStock_187324575.jpeg\" \/>\n\t<meta property=\"og:image:width\" content=\"640\" \/>\n\t<meta property=\"og:image:height\" content=\"427\" \/>\n\t<meta property=\"og:image:type\" content=\"image\/jpeg\" \/>\n<meta name=\"author\" content=\"admin\" \/>\n<meta name=\"twitter:card\" content=\"summary_large_image\" \/>\n<meta name=\"twitter:label1\" content=\"Written by\" \/>\n\t<meta name=\"twitter:data1\" content=\"admin\" \/>\n\t<meta name=\"twitter:label2\" content=\"Est. reading time\" \/>\n\t<meta name=\"twitter:data2\" content=\"4 minutes\" \/>\n<script type=\"application\/ld+json\" class=\"yoast-schema-graph\">{\"@context\":\"https:\/\/schema.org\",\"@graph\":[{\"@type\":\"Article\",\"@id\":\"https:\/\/intersalon.ee\/suvine-naohooldus\/#article\",\"isPartOf\":{\"@id\":\"https:\/\/intersalon.ee\/suvine-naohooldus\/\"},\"author\":{\"name\":\"admin\",\"@id\":\"https:\/\/intersalon.ee\/#\/schema\/person\/88f3150d92365f2803b4637e231689b4\"},\"headline\":\"Kevadsuvine n\u00e4ohooldus\",\"datePublished\":\"2019-05-20T09:08:54+00:00\",\"dateModified\":\"2019-05-20T09:10:40+00:00\",\"mainEntityOfPage\":{\"@id\":\"https:\/\/intersalon.ee\/suvine-naohooldus\/\"},\"wordCount\":892,\"publisher\":{\"@id\":\"https:\/\/intersalon.ee\/#organization\"},\"image\":{\"@id\":\"https:\/\/intersalon.ee\/suvine-naohooldus\/#primaryimage\"},\"thumbnailUrl\":\"https:\/\/intersalon.ee\/wp-content\/uploads\/2019\/05\/AdobeStock_187324575.jpeg\",\"keywords\":[\"kevadsuvine n\u00e4ohooldus\",\"kosmeetik\",\"Lash Lift\",\"Laura Salla\",\"n\u00e4ohooldus\"],\"articleSection\":[\"kosmeetik\",\"Pakkumised\",\"Salongi uudised\"],\"inLanguage\":\"en-US\"},{\"@type\":\"WebPage\",\"@id\":\"https:\/\/intersalon.ee\/suvine-naohooldus\/\",\"url\":\"https:\/\/intersalon.ee\/suvine-naohooldus\/\",\"name\":\"Kevadsuvine n\u00e4ohooldus - Ilusalong Intersalon\",\"isPartOf\":{\"@id\":\"https:\/\/intersalon.ee\/#website\"},\"primaryImageOfPage\":{\"@id\":\"https:\/\/intersalon.ee\/suvine-naohooldus\/#primaryimage\"},\"image\":{\"@id\":\"https:\/\/intersalon.ee\/suvine-naohooldus\/#primaryimage\"},\"thumbnailUrl\":\"https:\/\/intersalon.ee\/wp-content\/uploads\/2019\/05\/AdobeStock_187324575.jpeg\",\"datePublished\":\"2019-05-20T09:08:54+00:00\",\"dateModified\":\"2019-05-20T09:10:40+00:00\",\"description\":\"Kevadsuvisel perioodil, kui ilmad muutuvad \u00fcha soojemaks ning p\u00e4ike intensiivsemaks, v\u00f5ib tunduda, et ka nahk muutub justkui iseenesest s\u00e4ravamaks. Siiski vajab just sel perioodil n\u00e4onahk hoolitsust, sest meie kliima talvine periood kipub n\u00e4ole koormavalt m\u00f5juma. Uurisime Intersaloni kosmeetikult Laura Sallalt j\u00e4rele, kuidas oma n\u00e4onahka praegusel aastaajal hooldada.\",\"breadcrumb\":{\"@id\":\"https:\/\/intersalon.ee\/suvine-naohooldus\/#breadcrumb\"},\"inLanguage\":\"en-US\",\"potentialAction\":[{\"@type\":\"ReadAction\",\"target\":[\"https:\/\/intersalon.ee\/suvine-naohooldus\/\"]}]},{\"@type\":\"ImageObject\",\"inLanguage\":\"en-US\",\"@id\":\"https:\/\/intersalon.ee\/suvine-naohooldus\/#primaryimage\",\"url\":\"https:\/\/intersalon.ee\/wp-content\/uploads\/2019\/05\/AdobeStock_187324575.jpeg\",\"contentUrl\":\"https:\/\/intersalon.ee\/wp-content\/uploads\/2019\/05\/AdobeStock_187324575.jpeg\",\"width\":640,\"height\":427,\"caption\":\"Woman in mask on face in spa beauty salon.\"},{\"@type\":\"BreadcrumbList\",\"@id\":\"https:\/\/intersalon.ee\/suvine-naohooldus\/#breadcrumb\",\"itemListElement\":[{\"@type\":\"ListItem\",\"position\":1,\"name\":\"Home\",\"item\":\"https:\/\/intersalon.ee\/en\/\"},{\"@type\":\"ListItem\",\"position\":2,\"name\":\"Kevadsuvine n\u00e4ohooldus\"}]},{\"@type\":\"WebSite\",\"@id\":\"https:\/\/intersalon.ee\/#website\",\"url\":\"https:\/\/intersalon.ee\/\",\"name\":\"Ilusalong Tallinnas\",\"description\":\"Ilusalong Tallinnas\",\"publisher\":{\"@id\":\"https:\/\/intersalon.ee\/#organization\"},\"potentialAction\":[{\"@type\":\"SearchAction\",\"target\":{\"@type\":\"EntryPoint\",\"urlTemplate\":\"https:\/\/intersalon.ee\/?s={search_term_string}\"},\"query-input\":{\"@type\":\"PropertyValueSpecification\",\"valueRequired\":true,\"valueName\":\"search_term_string\"}}],\"inLanguage\":\"en-US\"},{\"@type\":\"Organization\",\"@id\":\"https:\/\/intersalon.ee\/#organization\",\"name\":\"Ilusalong Intersalon\",\"url\":\"https:\/\/intersalon.ee\/\",\"logo\":{\"@type\":\"ImageObject\",\"inLanguage\":\"en-US\",\"@id\":\"https:\/\/intersalon.ee\/#\/schema\/logo\/image\/\",\"url\":\"https:\/\/intersalon.ee\/wp-content\/uploads\/2015\/09\/intersalon_logo.png\",\"contentUrl\":\"https:\/\/intersalon.ee\/wp-content\/uploads\/2015\/09\/intersalon_logo.png\",\"width\":519,\"height\":370,\"caption\":\"Ilusalong Intersalon\"},\"image\":{\"@id\":\"https:\/\/intersalon.ee\/#\/schema\/logo\/image\/\"},\"sameAs\":[\"https:\/\/www.facebook.com\/IlusalongIntersalon\",\"https:\/\/www.instagram.com\/ilusalongintersalon\/\",\"https:\/\/www.pinterest.com\/intersalon\/\",\"https:\/\/www.youtube.com\/channel\/UC1ggIlZOY_4v9qbzPLCE5Zg\"]},{\"@type\":\"Person\",\"@id\":\"https:\/\/intersalon.ee\/#\/schema\/person\/88f3150d92365f2803b4637e231689b4\",\"name\":\"admin\"}]}<\/script>\n<!-- \/ Yoast SEO plugin. -->","yoast_head_json":{"title":"Kevadsuvine n\u00e4ohooldus - Ilusalong Intersalon","description":"Kevadsuvisel perioodil, kui ilmad muutuvad \u00fcha soojemaks ning p\u00e4ike intensiivsemaks, v\u00f5ib tunduda, et ka nahk muutub justkui iseenesest s\u00e4ravamaks. Siiski vajab just sel perioodil n\u00e4onahk hoolitsust, sest meie kliima talvine periood kipub n\u00e4ole koormavalt m\u00f5juma. Uurisime Intersaloni kosmeetikult Laura Sallalt j\u00e4rele, kuidas oma n\u00e4onahka praegusel aastaajal hooldada.","robots":{"index":"index","follow":"follow","max-snippet":"max-snippet:-1","max-image-preview":"max-image-preview:large","max-video-preview":"max-video-preview:-1"},"canonical":"https:\/\/intersalon.ee\/suvine-naohooldus\/","og_locale":"en_US","og_type":"article","og_title":"Kevadsuvine n\u00e4ohooldus","og_description":"Kevadsuvisel perioodil, kui ilmad muutuvad \u00fcha soojemaks ning p\u00e4ike intensiivsemaks, v\u00f5ib tunduda, et ka nahk muutub justkui iseenesest s\u00e4ravamaks. Siiski vajab just sel perioodil n\u00e4onahk hoolitsust, sest meie kliima talvine periood kipub n\u00e4ole koormavalt m\u00f5juma. Uurisime Intersaloni kosmeetikult Laura Sallalt j\u00e4rele, kuidas oma n\u00e4onahka praegusel aastaajal hooldada.","og_url":"https:\/\/intersalon.ee\/suvine-naohooldus\/","og_site_name":"Ilusalong Intersalon","article_publisher":"https:\/\/www.facebook.com\/IlusalongIntersalon","article_published_time":"2019-05-20T09:08:54+00:00","article_modified_time":"2019-05-20T09:10:40+00:00","og_image":[{"width":640,"height":427,"url":"https:\/\/intersalon.ee\/wp-content\/uploads\/2019\/05\/AdobeStock_187324575.jpeg","type":"image\/jpeg"}],"author":"admin","twitter_card":"summary_large_image","twitter_misc":{"Written by":"admin","Est. reading time":"4 minutes"},"schema":{"@context":"https:\/\/schema.org","@graph":[{"@type":"Article","@id":"https:\/\/intersalon.ee\/suvine-naohooldus\/#article","isPartOf":{"@id":"https:\/\/intersalon.ee\/suvine-naohooldus\/"},"author":{"name":"admin","@id":"https:\/\/intersalon.ee\/#\/schema\/person\/88f3150d92365f2803b4637e231689b4"},"headline":"Kevadsuvine n\u00e4ohooldus","datePublished":"2019-05-20T09:08:54+00:00","dateModified":"2019-05-20T09:10:40+00:00","mainEntityOfPage":{"@id":"https:\/\/intersalon.ee\/suvine-naohooldus\/"},"wordCount":892,"publisher":{"@id":"https:\/\/intersalon.ee\/#organization"},"image":{"@id":"https:\/\/intersalon.ee\/suvine-naohooldus\/#primaryimage"},"thumbnailUrl":"https:\/\/intersalon.ee\/wp-content\/uploads\/2019\/05\/AdobeStock_187324575.jpeg","keywords":["kevadsuvine n\u00e4ohooldus","kosmeetik","Lash Lift","Laura Salla","n\u00e4ohooldus"],"articleSection":["kosmeetik","Pakkumised","Salongi uudised"],"inLanguage":"en-US"},{"@type":"WebPage","@id":"https:\/\/intersalon.ee\/suvine-naohooldus\/","url":"https:\/\/intersalon.ee\/suvine-naohooldus\/","name":"Kevadsuvine n\u00e4ohooldus - Ilusalong Intersalon","isPartOf":{"@id":"https:\/\/intersalon.ee\/#website"},"primaryImageOfPage":{"@id":"https:\/\/intersalon.ee\/suvine-naohooldus\/#primaryimage"},"image":{"@id":"https:\/\/intersalon.ee\/suvine-naohooldus\/#primaryimage"},"thumbnailUrl":"https:\/\/intersalon.ee\/wp-content\/uploads\/2019\/05\/AdobeStock_187324575.jpeg","datePublished":"2019-05-20T09:08:54+00:00","dateModified":"2019-05-20T09:10:40+00:00","description":"Kevadsuvisel perioodil, kui ilmad muutuvad \u00fcha soojemaks ning p\u00e4ike intensiivsemaks, v\u00f5ib tunduda, et ka nahk muutub justkui iseenesest s\u00e4ravamaks. Siiski vajab just sel perioodil n\u00e4onahk hoolitsust, sest meie kliima talvine periood kipub n\u00e4ole koormavalt m\u00f5juma. Uurisime Intersaloni kosmeetikult Laura Sallalt j\u00e4rele, kuidas oma n\u00e4onahka praegusel aastaajal hooldada.","breadcrumb":{"@id":"https:\/\/intersalon.ee\/suvine-naohooldus\/#breadcrumb"},"inLanguage":"en-US","potentialAction":[{"@type":"ReadAction","target":["https:\/\/intersalon.ee\/suvine-naohooldus\/"]}]},{"@type":"ImageObject","inLanguage":"en-US","@id":"https:\/\/intersalon.ee\/suvine-naohooldus\/#primaryimage","url":"https:\/\/intersalon.ee\/wp-content\/uploads\/2019\/05\/AdobeStock_187324575.jpeg","contentUrl":"https:\/\/intersalon.ee\/wp-content\/uploads\/2019\/05\/AdobeStock_187324575.jpeg","width":640,"height":427,"caption":"Woman in mask on face in spa beauty salon."},{"@type":"BreadcrumbList","@id":"https:\/\/intersalon.ee\/suvine-naohooldus\/#breadcrumb","itemListElement":[{"@type":"ListItem","position":1,"name":"Home","item":"https:\/\/intersalon.ee\/en\/"},{"@type":"ListItem","position":2,"name":"Kevadsuvine n\u00e4ohooldus"}]},{"@type":"WebSite","@id":"https:\/\/intersalon.ee\/#website","url":"https:\/\/intersalon.ee\/","name":"Ilusalong Tallinnas","description":"Ilusalong Tallinnas","publisher":{"@id":"https:\/\/intersalon.ee\/#organization"},"potentialAction":[{"@type":"SearchAction","target":{"@type":"EntryPoint","urlTemplate":"https:\/\/intersalon.ee\/?s={search_term_string}"},"query-input":{"@type":"PropertyValueSpecification","valueRequired":true,"valueName":"search_term_string"}}],"inLanguage":"en-US"},{"@type":"Organization","@id":"https:\/\/intersalon.ee\/#organization","name":"Ilusalong Intersalon","url":"https:\/\/intersalon.ee\/","logo":{"@type":"ImageObject","inLanguage":"en-US","@id":"https:\/\/intersalon.ee\/#\/schema\/logo\/image\/","url":"https:\/\/intersalon.ee\/wp-content\/uploads\/2015\/09\/intersalon_logo.png","contentUrl":"https:\/\/intersalon.ee\/wp-content\/uploads\/2015\/09\/intersalon_logo.png","width":519,"height":370,"caption":"Ilusalong Intersalon"},"image":{"@id":"https:\/\/intersalon.ee\/#\/schema\/logo\/image\/"},"sameAs":["https:\/\/www.facebook.com\/IlusalongIntersalon","https:\/\/www.instagram.com\/ilusalongintersalon\/","https:\/\/www.pinterest.com\/intersalon\/","https:\/\/www.youtube.com\/channel\/UC1ggIlZOY_4v9qbzPLCE5Zg"]},{"@type":"Person","@id":"https:\/\/intersalon.ee\/#\/schema\/person\/88f3150d92365f2803b4637e231689b4","name":"admin"}]}},"_links":{"self":[{"href":"https:\/\/intersalon.ee\/en\/wp-json\/wp\/v2\/posts\/8165","targetHints":{"allow":["GET"]}}],"collection":[{"href":"https:\/\/intersalon.ee\/en\/wp-json\/wp\/v2\/posts"}],"about":[{"href":"https:\/\/intersalon.ee\/en\/wp-json\/wp\/v2\/types\/post"}],"author":[{"embeddable":true,"href":"https:\/\/intersalon.ee\/en\/wp-json\/wp\/v2\/users\/1"}],"replies":[{"embeddable":true,"href":"https:\/\/intersalon.ee\/en\/wp-json\/wp\/v2\/comments?post=8165"}],"version-history":[{"count":16,"href":"https:\/\/intersalon.ee\/en\/wp-json\/wp\/v2\/posts\/8165\/revisions"}],"predecessor-version":[{"id":8340,"href":"https:\/\/intersalon.ee\/en\/wp-json\/wp\/v2\/posts\/8165\/revisions\/8340"}],"wp:featuredmedia":[{"embeddable":true,"href":"https:\/\/intersalon.ee\/en\/wp-json\/wp\/v2\/media\/8168"}],"wp:attachment":[{"href":"https:\/\/intersalon.ee\/en\/wp-json\/wp\/v2\/media?parent=8165"}],"wp:term":[{"taxonomy":"category","embeddable":true,"href":"https:\/\/intersalon.ee\/en\/wp-json\/wp\/v2\/categories?post=8165"},{"taxonomy":"post_tag","embeddable":true,"href":"https:\/\/intersalon.ee\/en\/wp-json\/wp\/v2\/tags?post=8165"}],"curies":[{"name":"wp","href":"https:\/\/api.w.org\/{rel}","templated":true}]}}