{"id":7883,"date":"2018-11-16T13:15:55","date_gmt":"2018-11-16T11:15:55","guid":{"rendered":"https:\/\/intersalon.ee\/?p=7883"},"modified":"2019-02-05T10:06:47","modified_gmt":"2019-02-05T08:06:47","slug":"juuksed-kulmal-ajal","status":"publish","type":"post","link":"https:\/\/intersalon.ee\/en\/juuksed-kulmal-ajal\/","title":{"rendered":"Mida teha, et juuksed oleksid ka k\u00fclmal ajal s\u00e4ravalt kaunid?"},"content":{"rendered":"<div class=\"wpb-content-wrapper\"><section class=\"content-section full-width with-col cover custom-padding rella-no-margin    content-section-69f233ee386ff\"><div class=\"row vc_row-fluid\"><div class=\"wpb_column col-md-12\"><h2  class=\"section-title  mb-70 mb-sm-40 font-alt align-left\" style=\"color:#0a0a0a;\">Mida teha, et juuksed oleksid ka k\u00fclmal ajal s\u00e4ravalt kaunid?<\/h2><\/div><\/div><\/section><section  class=\"content-section full-width with-col cover rella-no-padding rella-no-margin    content-section-69f233ee387c6\"><div class=\"row vc_row-fluid\"><div class=\"wpb_column col-md-12\"><div class=\"section-text text-block \" ><p>K\u00fclm aeg ei m\u00f5juta mitte ainult Sinu nahka, vaid ka juukseid. Sel ajal m\u00e4rkame muutusi oma organismis nii seespidiselt kui ka v\u00e4lispidiselt. Nahk on kuivem, juuksed hapramad. Talviste pidude hooaeg on varsti k\u00e4es ning hoolimata k\u00fclmast ilmast soovime, et meie juuksed n\u00e4eksid endiselt kaunid v\u00e4lja. Kuidas oma juukseid k\u00fclmal ajal hooldada ning mida silmas pidada, et need endiselt s\u00e4raksid ja terved oleksid? Intersaloni juuniormeister <a href=\"https:\/\/intersalon.ee\/meist\/anett-laisaar\/\" target=\"_blank\" rel=\"noopener\">Anett Laisaar<\/a> jagab Sulle m\u00f5ningaid nippe, mida talvisel juuksehooldusel silmas pidada.<\/p>\n<\/div><\/div><\/div><\/section><section  class=\"content-section full-width with-col cover rella-no-padding rella-no-margin    content-section-69f233ee388a2\"><div class=\"row vc_row-fluid\"><div class=\"wpb_column col-md-6\"><div class=\"section-text text-block \" ><h4><em><strong>Temperatuuride k\u00f5ikumised<\/strong><\/em><\/h4>\n<p>Mis k\u00f5laks veel paremini, kui \u00fcks kuum du\u0161\u0161 peale k\u00fclmast \u00f5uest tuppa tulekut, kuid stopp! Juuste ja peanaha liiga kuuma veega pesemine ei m\u00f5ju neile h\u00e4sti. Kuum vesi m\u00f5jub juustele ja ka nahale deh\u00fcdreerivalt, viib vajaliku niiskustaseme juustest v\u00e4lja ning see omakorda muudab aga juuksed hapramaks. Parem on kasutada pea pesemiseks leiget vett. Kuna suured temperatuuride vaheldumised ei m\u00f5ju juustele h\u00e4sti, siis p\u00fc\u00fca v\u00e4ltida vahetult enne toast v\u00e4lja minekut juuste f\u00f6\u00f6nitamist. Kindlasti ei tasu \u00f5ue minna ka m\u00e4rja ega niiske peaga. V\u00f5imalusel pese juukseid \u00f5htul, kui Sa enam kodust v\u00e4lja minema ei pea ning lase neil lihtsalt \u00f5hu k\u00e4es kuivada. Kui aga juukseid f\u00f6\u00f6nitad, siis kasuta kindlasti kuumakaitset. Soovitame igap\u00e4evaseks kasutuseks k\u00f5ikidele juukset\u00fc\u00fcpidele sobivad <em><strong>GHD Heat Protect spreid<\/strong><\/em>, \u00f5hukestele juustele vol\u00fc\u00fcmi andmiseks sobiks aga kerge koostisega <strong><em>Kadus Protect It kuumakaitse<\/em><\/strong>, mida saad juustele kanda juba enne f\u00f6\u00f6nitamist v\u00f5i muud kuumt\u00f6\u00f6tlemist. Ka enne tangide ja sirgendaja kasutamist on tarvis juukseid kuumuse eest kaitsta. Selleks sobiks l\u00e4iget, siledust ja kohevust andev <em><strong>Sebastian Trilliant kuumakaitse<\/strong><\/em> v\u00f5i <em><strong>kahefaasiline Wella Eimi Thermal Image kuumasprei<\/strong><\/em>, milles esimene faas niisutab ja kaitseb juukseid ning teine faas muudab juuksed t\u00e4iuslikult siidiseks ja s\u00e4ravaks.<\/p>\n<\/div><\/div><div class=\"wpb_column col-md-6\"><div  class=\"full-block align-left\" style=\"margin-top:40px;margin-bottom:30px;\"><a href=\"https:\/\/intersalon.ee\/wp-content\/uploads\/2018\/11\/kuumakaitse.jpg\" class=\"lightbox-gallery-2 mfp-image\"><img loading=\"lazy\" decoding=\"async\"  src=\"https:\/\/intersalon.ee\/wp-content\/uploads\/2018\/11\/kuumakaitse.jpg\"  width=\"2448\" height=\"2506\" alt=\"Kuumakaitse toote juustele\" \/><\/a><\/div><\/div><\/div><\/section><section  class=\"content-section full-width with-col cover rella-no-padding rella-no-margin    content-section-69f233ee38b6b\"><div class=\"row vc_row-fluid\"><div class=\"wpb_column col-md-12\"><div class=\"section-text text-block \" ><p>Lisaks eelmainitule tasub \u00f5ues kanda m\u00fctsi ning ka juukseotsad peita kas salli v\u00f5i jope alla. M\u00fctsi kasutamist tuleks alustada v\u00e4hemalt -5\u00b0C juures. Soojast toast \u00f5ue minnes k\u00fclmub juustes olev niiskus ning ka peanaha kapillaarid t\u00f5mbuvad kokku. See omakorda aeglustab peanaha vereringet ning juuksejuurteni ei j\u00f5ua vajalikud toitained. M\u00fcts kaitseb ka Sinu peanahka ning juuksejuuri, mis talvisel ajal temperatuuride vaheldumise t\u00f5ttu kuivaks ning hapraks kipuvad muutuma. Kuid temperatuuride k\u00f5ikumised m\u00f5jutavad juukseid ka veel \u00fchel v\u00e4ga t\u00fc\u00fctul viisil, milleks on&#8230;<\/p>\n<\/div><\/div><\/div><\/section><section  class=\"content-section full-width with-col cover rella-no-padding rella-no-margin    content-section-69f233ee38be1\"><div class=\"row vc_row-fluid\"><div class=\"wpb_column col-md-6\"><div class=\"section-text text-block \" ><h4><em><strong>&#8230;t\u00fc\u00fctu staatiline elekter juustes.<\/strong><\/em><\/h4>\n<p>Ei leidu vist inimest, kes ei oleks kogenud t\u00fc\u00fctut elektrit juustes. Juuksed on kas ebam\u00e4\u00e4raselt \u00f5hus lendlemas v\u00f5i siis kleepuvad ebamugavalt keha k\u00fclge kinni. Kuid miks see elekter \u00fcldse juustesse tekib? Staatiline elekter tekib k\u00fclmal ajal temperatuuri k\u00f5ikumiste t\u00f5ttu. Toas on soe, \u00f5ues k\u00fclm ning kui me toast \u00f5ue ja j\u00e4lle tagasi tuppa liigume, v\u00f5ib temperatuuride erinevus \u00f5ige k\u00fclmal ajal olla isegi lausa 40\u00b0C!<\/p>\n<p>Staatiline elekter tekib juustesse ka siis, kui need on v\u00e4ga kuivad. Et kuivust \u00e4ra hoida, oleks soovituslik k\u00fclmal ajal pead pesta mitte tihemini kui \u00fcle p\u00e4eva. Pidevalt m\u00fctsi kandes on ka tegelikult keeruline peapesu vahele j\u00e4tta, sest juuksed kipuvad juurte juurest rasuseks muutuma. Samuti v\u00f5iks kaaluda ka kuiv\u0161ampooni kasutamist. Kuiv\u0161ampooni abil on v\u00f5imalik peapesu vajadust \u00fche p\u00e4eva v\u00f5rra edasi l\u00fckata. \u00dchtlasi lisavad kuiv\u0161ampoonid juustele vol\u00fc\u00fcmi ning tekstuuri, n\u00e4iteks <em><strong>Sebastian Dynamic+<\/strong><\/em> koostis on soengut hetkega v\u00e4rskendav, \u00fchtlasi eemaldab see juuksejuurtest \u00fcleliigse rasu. Hea valik on ka kohevust loov <em><strong>Wella Eimilt Dry Me kuiv\u0161ampoon<\/strong><\/em> v\u00f5i mati tekstuuriga <em><strong>Kaduse Refresh It<\/strong><\/em>.<\/p>\n<\/div><\/div><div class=\"wpb_column col-md-6\"><div  class=\"full-block align-left\" style=\"margin-bottom:30px;\"><a href=\"https:\/\/intersalon.ee\/wp-content\/uploads\/2018\/11\/kuivsampoonid.jpg\" class=\"lightbox-gallery-2 mfp-image\"><img loading=\"lazy\" decoding=\"async\"  src=\"https:\/\/intersalon.ee\/wp-content\/uploads\/2018\/11\/kuivsampoonid.jpg\"  width=\"2448\" height=\"2758\" alt=\"Kuiv\u0161ampoonid\" \/><\/a><\/div><\/div><\/div><\/section><section  class=\"content-section full-width with-col cover rella-no-padding rella-no-margin    content-section-69f233ee38e3b\"><div class=\"row vc_row-fluid\"><div class=\"wpb_column col-md-12\"><div class=\"section-text text-block \" ><p>V\u00f5ibolla oled m\u00e4rganud, et ka m\u00fctsi kandmine ise muudab juukseid rohkem staatilist elektrit t\u00e4is. Teatud materjalid, nagu n\u00e4iteks vill, v\u00f5ivad muuta juuste olukorda samuti hullemaks ning justkui tekitavad lendlemist juurde. Et riided staatilist elektrit juustele omakorda juurde ei tekitaks, on heaks nipiks n\u00e4iteks villaste m\u00fctside ja sallide pesemisel kasutada pesuloputusvahendit, mis elektrit riietes v\u00e4hendab. Samuti soovitame kasutada tavalise padjap\u00fc\u00fcri asemel siidist valmistatud padjap\u00fc\u00fcri. Tundub uskumatu, kuid siidist voodipesu m\u00f5jub h\u00e4sti nii su juustele, v\u00e4hendades staatilise elektri tekkimist ja juusteotste l\u00f5henemist, kui ka n\u00e4onahale. Staatilise elektri v\u00e4litimiseks juustes soovitame kasutada p\u00e4he j\u00e4etavat ja toitvat goji-marja ekstraktiga anti-staatilist <em><strong>Wella Invigo Nutri-enrich Nourishing Antistatic spreid<\/strong><\/em>. Ka juukse\u00f5lid muudavad kammimise lihtsamaks ning juuksed pehmemaks ja l\u00e4ikivamaks. Seega on staatilise elektri v\u00e4ltimise v\u00f5lus\u00f5naks &#8230;<\/p>\n<h4><em><strong>&#8230;.\u00f5ige juuste niisutamine.<\/strong><\/em><\/h4>\n<p>Ilmselt kasutad jahedamate ilmade saabumisel erinevaid niisutavaid tooteid oma kehal &#8211; niisutad huuli ning kasutad ka m\u00e4rksa niisutavama koostisega n\u00e4okreemi. Tegelikult ei tasuks unustada ka oma juukseid. K\u00fclmal ajal soovitame kasutada pisut toekama koostisega juuksehooldustooteid kui suvel. \u0160ampoonidest on heaks valikuks <strong><em>Sebastiani Penetrait<\/em> <em>\u0161ampoon<\/em><\/strong> kahjustatud juustele, mis kaitseb juukseid keskkonna kahjulike m\u00f5jude eest, samuti aitab v\u00e4hendada juuste katkemist ning sisaldab rikkalikult vajalikke toitaineid. Kindlasti ei tohiks unustada ka palsamit. Palsamitest soovitame kasutada niisutavat <strong><em>Sebastian Hydre palsamit<\/em><\/strong>, mis tagab juustele vajalikud toitained, lisab niiskust ning aitab v\u00e4ltida pusade tekkimist. R\u00f5hku tasub panna ka maskidele, mida soovitame pikemate juuste puhul kasutada korra n\u00e4dalas. Heaks valikuks on <em><strong>Wella Fusion Intense mask<\/strong><\/em>, mis on intensiivsete toitvate koostisosade ja siidaminohapetega rikastatud mask. Aitab parandada ja kaitseb juukseid murdumise eest. Peale pesu on soovituslik kasutada juukse\u00f5lisid ja juustesse j\u00e4etavaid palsameid, mis su juuste niiskustaseme taastavad ning l\u00e4ikivaks muudavad. \u00d5lidest oleks heaks valikuks <strong><em>Sebastianilt Dark Oil<\/em><\/strong>, mis sisaldab sandlipuu-, seedripuu ja argaania\u00f5li. \u00d5li uuendab juukseid seestpoolt, silendab juuksekarva ning lisab t\u00e4idlust. Sileduse ja l\u00e4ikeefekti saavutamiseks soovitame makadaamia- ja avokaado\u00f5lisid sisaldavat <em><strong>Wella Oil Reflections \u00f5li.<\/strong><\/em><\/p>\n<\/div><\/div><\/div><\/section><section  class=\"content-section full-width with-col cover rella-no-padding rella-no-margin    content-section-69f233ee38f3a\"><div class=\"row vc_row-fluid\"><div class=\"wpb_column col-md-10\"><div  class=\"full-block align-left\" style=\"margin-bottom:30px;\"><a href=\"https:\/\/intersalon.ee\/wp-content\/uploads\/2018\/11\/niisutavad-tooted.jpg\" class=\"lightbox-gallery-2 mfp-image\"><img loading=\"lazy\" decoding=\"async\"  src=\"https:\/\/intersalon.ee\/wp-content\/uploads\/2018\/11\/niisutavad-tooted.jpg\"  width=\"2448\" height=\"2681\" alt=\"Juukseid niisutavad tooted\" \/><\/a><\/div><\/div><div class=\"wpb_column col-md-2\"><\/div><\/div><\/section><section  class=\"content-section full-width with-col cover rella-no-padding rella-no-margin    content-section-69f233ee390e6\"><div class=\"row vc_row-fluid\"><div class=\"wpb_column col-md-12\"><div class=\"section-text text-block \" ><p>Kuid mitte ainult juuksed ei vaja niisutust. Niisutust vajab ka sinu peanahk ning peanaha niisutamiseks on heaks v\u00f5imaluseks&#8230;.<\/p>\n<h4><em><strong>&#8230;.peanaha massaa\u017e.<\/strong><\/em><\/h4>\n<p>Peanaha massaa\u017e m\u00f5jub h\u00e4sti kuivale peanahale ning juuksejuurtele. Seda v\u00f5id teha kodus, kasutades oma lemmikpalsamit v\u00f5i juukse\u00f5li. Masseeri palsamit v\u00f5i \u00f5li juustesse umbes kaks minutit ning seej\u00e4rel saad edasi minna oma tavap\u00e4rase juuksepesurutiiniga ning viimistlustoodetega peale pesu.<\/p>\n<p>Peamassaa\u017e parandab peanahas verevarustust, mis m\u00f5jub h\u00e4sti juuksekasvule. Samuti on peanahk, juuksejuured ning juuksed kogu pikkuses peale protseduuri m\u00f5nusalt niisutatud. Peamassaa\u017ei toitvate maskidega saad nautida ka meie ilusalongis. Soovitame eriti juuste ja peanaha intensiivhooldust <span style=\"color: #000000\"><a style=\"color: #000000\" href=\"https:\/\/www.wella.com\/professional\/en-EN\/home\" target=\"_blank\" rel=\"noopener\"><em><strong>Wella<\/strong><\/em><\/a> <\/span>v\u00f5i <span style=\"color: #000000\"><a style=\"color: #000000\" href=\"https:\/\/www.sebastianprofessional.com\/en-EN\/products\" target=\"_blank\" rel=\"noopener\"><strong><em>Sebastiani<\/em><\/strong><\/a><\/span> toodetega, mis sisaldavad juustele ja juuksejuurtele vajalike toitainete kokteili. Peanaha massaa\u017e aitab omakorda stimuleerida juuksekasvu ning peanaha verevarustust.<\/p>\n<p>Selleks, et sinu juuksed oleksid ka talvisel ajal s\u00e4ravalt kaunid, siis&#8230;<\/p>\n<\/div><div class=\"section-text text-block \" ><h4><em><strong>&#8230;.\u00e4ra unusta k\u00fclastada oma juuksurit.<\/strong><\/em><\/h4>\n<p>Parimad soovitused \u00f5igete toodete valikuks ja juuste hooldamiseks saad oma juuksurilt, kes on Sinu juuste ja peanaha seisukorraga k\u00f5ige paremini kursis.<\/p>\n<p>Talvisel ajal soovitame juukseid l\u00f5igata tavap\u00e4rase 10 n\u00e4dala asemel 6-8 n\u00e4dala j\u00e4rel, et v\u00e4ltida otste liigset l\u00f5henemist. Eriti h\u00e4sti m\u00f5jub juustele kuumak\u00e4\u00e4ril\u00f5ikus, mis parandab juuste tervislikku seisukorda. Kuumak\u00e4\u00e4ri l\u00f5ikus tehakse p\u00fcsiva temperatuuriga, mis on valitud vastavalt Sinu juuste struktuurile. \u00dchtlasi suletakse juukseotste \u00e4ral\u00f5ikamisega juukse ots. Selline l\u00f5ikus on ideaalne v\u00f5imalus hoidmaks oma juukseid talvises pakases tervislikena. Salongis soovitame veel teha korra kuus juustele intensiivhooldust. Selleks sobiks intensiivne juuste ja peanaha intensiivhooldus v\u00f5i ka juukseid paitav proteiinidega rikastatud <em><strong>Sebastiani l\u00e4ikev\u00e4rv<\/strong><\/em>, mis tugevdab ja t\u00e4idab juuksekarva, hoiab loomuliku juukse niiskustasakaalu ning seejuures annab juustele ka luksusliku s\u00e4ra ja terve v\u00e4ljan\u00e4gemise. \u00dchtlasi saad v\u00e4rskenduse ka oma juuksev\u00e4rvile.<\/p>\n<\/div><\/div><\/div><\/section><section  class=\"content-section full-width with-col cover rella-no-padding rella-no-margin    content-section-69f233ee3926d\"><div class=\"row vc_row-fluid\"><div class=\"wpb_column col-md-12\"><div class=\"section-text text-block \" ><p><strong><em>Tekst ja fotod: <\/em><\/strong>Susanne-Silvia Taperson,\u00a0Adobe Stock<\/p>\n<\/div><\/div><\/div><\/section>\n<\/div>","protected":false},"excerpt":{"rendered":"<p>K\u00fclm aeg ei m\u00f5juta mitte ainult Sinu nahka, vaid ka juukseid. Sel ajal m\u00e4rkame muutusi oma organismis nii seespidiselt kui ka v\u00e4lispidiselt. <\/p>\n","protected":false},"author":1,"featured_media":7917,"comment_status":"closed","ping_status":"closed","sticky":false,"template":"","format":"standard","meta":{"inline_featured_image":false,"footnotes":"","_wp_rev_ctl_limit":""},"categories":[292],"tags":[296,294,270,293,295],"class_list":["post-7883","post","type-post","status-publish","format-standard","has-post-thumbnail","hentry","category-juustehooldus","tag-juuksed-talvel","tag-kadus","tag-sebastian-professional","tag-wella","tag-wella-eimi"],"yoast_head":"<!-- This site is optimized with the Yoast SEO plugin v27.1.1 - https:\/\/yoast.com\/product\/yoast-seo-wordpress\/ -->\n<title>Mida teha, et juuksed oleksid ka k\u00fclmal ajal s\u00e4ravalt kaunid? -<\/title>\n<meta name=\"description\" content=\"Kuidas oma juukseid k\u00fclmal ajal hooldada ning mida silmas pidada, et need endiselt s\u00e4raksid ja terved oleksid? Intersaloni juuniormeister Anett jagab nippe!\" \/>\n<meta name=\"robots\" content=\"index, follow, max-snippet:-1, max-image-preview:large, max-video-preview:-1\" \/>\n<link rel=\"canonical\" href=\"https:\/\/intersalon.ee\/juuksed-kulmal-ajal\/\" \/>\n<meta property=\"og:locale\" content=\"en_US\" \/>\n<meta property=\"og:type\" content=\"article\" \/>\n<meta property=\"og:title\" content=\"Mida teha, et juuksed oleksid ka k\u00fclmal ajal s\u00e4ravalt kaunid? -\" \/>\n<meta property=\"og:description\" content=\"Kuidas oma juukseid k\u00fclmal ajal hooldada ning mida silmas pidada, et need endiselt s\u00e4raksid ja terved oleksid? Intersaloni juuniormeister Anett jagab nippe!\" \/>\n<meta property=\"og:url\" content=\"https:\/\/intersalon.ee\/juuksed-kulmal-ajal\/\" \/>\n<meta property=\"og:site_name\" content=\"Ilusalong Intersalon\" \/>\n<meta property=\"article:publisher\" content=\"https:\/\/www.facebook.com\/IlusalongIntersalon\" \/>\n<meta property=\"article:published_time\" content=\"2018-11-16T11:15:55+00:00\" \/>\n<meta property=\"article:modified_time\" content=\"2019-02-05T08:06:47+00:00\" \/>\n<meta property=\"og:image\" content=\"https:\/\/intersalon.ee\/wp-content\/uploads\/2018\/11\/juukstehooldus-talvel.jpg\" \/>\n\t<meta property=\"og:image:width\" content=\"5760\" \/>\n\t<meta property=\"og:image:height\" content=\"3840\" \/>\n\t<meta property=\"og:image:type\" content=\"image\/jpeg\" \/>\n<meta name=\"author\" content=\"admin\" \/>\n<meta name=\"twitter:card\" content=\"summary_large_image\" \/>\n<meta name=\"twitter:label1\" content=\"Written by\" \/>\n\t<meta name=\"twitter:data1\" content=\"admin\" \/>\n\t<meta name=\"twitter:label2\" content=\"Est. reading time\" \/>\n\t<meta name=\"twitter:data2\" content=\"7 minutes\" \/>\n<script type=\"application\/ld+json\" class=\"yoast-schema-graph\">{\"@context\":\"https:\/\/schema.org\",\"@graph\":[{\"@type\":\"Article\",\"@id\":\"https:\/\/intersalon.ee\/juuksed-kulmal-ajal\/#article\",\"isPartOf\":{\"@id\":\"https:\/\/intersalon.ee\/juuksed-kulmal-ajal\/\"},\"author\":{\"name\":\"admin\",\"@id\":\"https:\/\/intersalon.ee\/#\/schema\/person\/88f3150d92365f2803b4637e231689b4\"},\"headline\":\"Mida teha, et juuksed oleksid ka k\u00fclmal ajal s\u00e4ravalt kaunid?\",\"datePublished\":\"2018-11-16T11:15:55+00:00\",\"dateModified\":\"2019-02-05T08:06:47+00:00\",\"mainEntityOfPage\":{\"@id\":\"https:\/\/intersalon.ee\/juuksed-kulmal-ajal\/\"},\"wordCount\":1446,\"publisher\":{\"@id\":\"https:\/\/intersalon.ee\/#organization\"},\"image\":{\"@id\":\"https:\/\/intersalon.ee\/juuksed-kulmal-ajal\/#primaryimage\"},\"thumbnailUrl\":\"https:\/\/intersalon.ee\/wp-content\/uploads\/2018\/11\/juukstehooldus-talvel.jpg\",\"keywords\":[\"juuksed talvel\",\"Kadus\",\"Sebastian Professional\",\"Wella\",\"Wella EIMI\"],\"articleSection\":[\"Juustehooldus\"],\"inLanguage\":\"en-US\"},{\"@type\":\"WebPage\",\"@id\":\"https:\/\/intersalon.ee\/juuksed-kulmal-ajal\/\",\"url\":\"https:\/\/intersalon.ee\/juuksed-kulmal-ajal\/\",\"name\":\"Mida teha, et juuksed oleksid ka k\u00fclmal ajal s\u00e4ravalt kaunid? -\",\"isPartOf\":{\"@id\":\"https:\/\/intersalon.ee\/#website\"},\"primaryImageOfPage\":{\"@id\":\"https:\/\/intersalon.ee\/juuksed-kulmal-ajal\/#primaryimage\"},\"image\":{\"@id\":\"https:\/\/intersalon.ee\/juuksed-kulmal-ajal\/#primaryimage\"},\"thumbnailUrl\":\"https:\/\/intersalon.ee\/wp-content\/uploads\/2018\/11\/juukstehooldus-talvel.jpg\",\"datePublished\":\"2018-11-16T11:15:55+00:00\",\"dateModified\":\"2019-02-05T08:06:47+00:00\",\"description\":\"Kuidas oma juukseid k\u00fclmal ajal hooldada ning mida silmas pidada, et need endiselt s\u00e4raksid ja terved oleksid? Intersaloni juuniormeister Anett jagab nippe!\",\"breadcrumb\":{\"@id\":\"https:\/\/intersalon.ee\/juuksed-kulmal-ajal\/#breadcrumb\"},\"inLanguage\":\"en-US\",\"potentialAction\":[{\"@type\":\"ReadAction\",\"target\":[\"https:\/\/intersalon.ee\/juuksed-kulmal-ajal\/\"]}]},{\"@type\":\"ImageObject\",\"inLanguage\":\"en-US\",\"@id\":\"https:\/\/intersalon.ee\/juuksed-kulmal-ajal\/#primaryimage\",\"url\":\"https:\/\/intersalon.ee\/wp-content\/uploads\/2018\/11\/juukstehooldus-talvel.jpg\",\"contentUrl\":\"https:\/\/intersalon.ee\/wp-content\/uploads\/2018\/11\/juukstehooldus-talvel.jpg\",\"width\":5760,\"height\":3840,\"caption\":\"Juuksed talvel\"},{\"@type\":\"BreadcrumbList\",\"@id\":\"https:\/\/intersalon.ee\/juuksed-kulmal-ajal\/#breadcrumb\",\"itemListElement\":[{\"@type\":\"ListItem\",\"position\":1,\"name\":\"Home\",\"item\":\"https:\/\/intersalon.ee\/en\/\"},{\"@type\":\"ListItem\",\"position\":2,\"name\":\"Mida teha, et juuksed oleksid ka k\u00fclmal ajal s\u00e4ravalt kaunid?\"}]},{\"@type\":\"WebSite\",\"@id\":\"https:\/\/intersalon.ee\/#website\",\"url\":\"https:\/\/intersalon.ee\/\",\"name\":\"Ilusalong Tallinnas\",\"description\":\"Ilusalong Tallinnas\",\"publisher\":{\"@id\":\"https:\/\/intersalon.ee\/#organization\"},\"potentialAction\":[{\"@type\":\"SearchAction\",\"target\":{\"@type\":\"EntryPoint\",\"urlTemplate\":\"https:\/\/intersalon.ee\/?s={search_term_string}\"},\"query-input\":{\"@type\":\"PropertyValueSpecification\",\"valueRequired\":true,\"valueName\":\"search_term_string\"}}],\"inLanguage\":\"en-US\"},{\"@type\":\"Organization\",\"@id\":\"https:\/\/intersalon.ee\/#organization\",\"name\":\"Ilusalong Intersalon\",\"url\":\"https:\/\/intersalon.ee\/\",\"logo\":{\"@type\":\"ImageObject\",\"inLanguage\":\"en-US\",\"@id\":\"https:\/\/intersalon.ee\/#\/schema\/logo\/image\/\",\"url\":\"https:\/\/intersalon.ee\/wp-content\/uploads\/2015\/09\/intersalon_logo.png\",\"contentUrl\":\"https:\/\/intersalon.ee\/wp-content\/uploads\/2015\/09\/intersalon_logo.png\",\"width\":519,\"height\":370,\"caption\":\"Ilusalong Intersalon\"},\"image\":{\"@id\":\"https:\/\/intersalon.ee\/#\/schema\/logo\/image\/\"},\"sameAs\":[\"https:\/\/www.facebook.com\/IlusalongIntersalon\",\"https:\/\/www.instagram.com\/ilusalongintersalon\/\",\"https:\/\/www.pinterest.com\/intersalon\/\",\"https:\/\/www.youtube.com\/channel\/UC1ggIlZOY_4v9qbzPLCE5Zg\"]},{\"@type\":\"Person\",\"@id\":\"https:\/\/intersalon.ee\/#\/schema\/person\/88f3150d92365f2803b4637e231689b4\",\"name\":\"admin\"}]}<\/script>\n<!-- \/ Yoast SEO plugin. -->","yoast_head_json":{"title":"Mida teha, et juuksed oleksid ka k\u00fclmal ajal s\u00e4ravalt kaunid? -","description":"Kuidas oma juukseid k\u00fclmal ajal hooldada ning mida silmas pidada, et need endiselt s\u00e4raksid ja terved oleksid? Intersaloni juuniormeister Anett jagab nippe!","robots":{"index":"index","follow":"follow","max-snippet":"max-snippet:-1","max-image-preview":"max-image-preview:large","max-video-preview":"max-video-preview:-1"},"canonical":"https:\/\/intersalon.ee\/juuksed-kulmal-ajal\/","og_locale":"en_US","og_type":"article","og_title":"Mida teha, et juuksed oleksid ka k\u00fclmal ajal s\u00e4ravalt kaunid? -","og_description":"Kuidas oma juukseid k\u00fclmal ajal hooldada ning mida silmas pidada, et need endiselt s\u00e4raksid ja terved oleksid? Intersaloni juuniormeister Anett jagab nippe!","og_url":"https:\/\/intersalon.ee\/juuksed-kulmal-ajal\/","og_site_name":"Ilusalong Intersalon","article_publisher":"https:\/\/www.facebook.com\/IlusalongIntersalon","article_published_time":"2018-11-16T11:15:55+00:00","article_modified_time":"2019-02-05T08:06:47+00:00","og_image":[{"width":5760,"height":3840,"url":"https:\/\/intersalon.ee\/wp-content\/uploads\/2018\/11\/juukstehooldus-talvel.jpg","type":"image\/jpeg"}],"author":"admin","twitter_card":"summary_large_image","twitter_misc":{"Written by":"admin","Est. reading time":"7 minutes"},"schema":{"@context":"https:\/\/schema.org","@graph":[{"@type":"Article","@id":"https:\/\/intersalon.ee\/juuksed-kulmal-ajal\/#article","isPartOf":{"@id":"https:\/\/intersalon.ee\/juuksed-kulmal-ajal\/"},"author":{"name":"admin","@id":"https:\/\/intersalon.ee\/#\/schema\/person\/88f3150d92365f2803b4637e231689b4"},"headline":"Mida teha, et juuksed oleksid ka k\u00fclmal ajal s\u00e4ravalt kaunid?","datePublished":"2018-11-16T11:15:55+00:00","dateModified":"2019-02-05T08:06:47+00:00","mainEntityOfPage":{"@id":"https:\/\/intersalon.ee\/juuksed-kulmal-ajal\/"},"wordCount":1446,"publisher":{"@id":"https:\/\/intersalon.ee\/#organization"},"image":{"@id":"https:\/\/intersalon.ee\/juuksed-kulmal-ajal\/#primaryimage"},"thumbnailUrl":"https:\/\/intersalon.ee\/wp-content\/uploads\/2018\/11\/juukstehooldus-talvel.jpg","keywords":["juuksed talvel","Kadus","Sebastian Professional","Wella","Wella EIMI"],"articleSection":["Juustehooldus"],"inLanguage":"en-US"},{"@type":"WebPage","@id":"https:\/\/intersalon.ee\/juuksed-kulmal-ajal\/","url":"https:\/\/intersalon.ee\/juuksed-kulmal-ajal\/","name":"Mida teha, et juuksed oleksid ka k\u00fclmal ajal s\u00e4ravalt kaunid? -","isPartOf":{"@id":"https:\/\/intersalon.ee\/#website"},"primaryImageOfPage":{"@id":"https:\/\/intersalon.ee\/juuksed-kulmal-ajal\/#primaryimage"},"image":{"@id":"https:\/\/intersalon.ee\/juuksed-kulmal-ajal\/#primaryimage"},"thumbnailUrl":"https:\/\/intersalon.ee\/wp-content\/uploads\/2018\/11\/juukstehooldus-talvel.jpg","datePublished":"2018-11-16T11:15:55+00:00","dateModified":"2019-02-05T08:06:47+00:00","description":"Kuidas oma juukseid k\u00fclmal ajal hooldada ning mida silmas pidada, et need endiselt s\u00e4raksid ja terved oleksid? Intersaloni juuniormeister Anett jagab nippe!","breadcrumb":{"@id":"https:\/\/intersalon.ee\/juuksed-kulmal-ajal\/#breadcrumb"},"inLanguage":"en-US","potentialAction":[{"@type":"ReadAction","target":["https:\/\/intersalon.ee\/juuksed-kulmal-ajal\/"]}]},{"@type":"ImageObject","inLanguage":"en-US","@id":"https:\/\/intersalon.ee\/juuksed-kulmal-ajal\/#primaryimage","url":"https:\/\/intersalon.ee\/wp-content\/uploads\/2018\/11\/juukstehooldus-talvel.jpg","contentUrl":"https:\/\/intersalon.ee\/wp-content\/uploads\/2018\/11\/juukstehooldus-talvel.jpg","width":5760,"height":3840,"caption":"Juuksed talvel"},{"@type":"BreadcrumbList","@id":"https:\/\/intersalon.ee\/juuksed-kulmal-ajal\/#breadcrumb","itemListElement":[{"@type":"ListItem","position":1,"name":"Home","item":"https:\/\/intersalon.ee\/en\/"},{"@type":"ListItem","position":2,"name":"Mida teha, et juuksed oleksid ka k\u00fclmal ajal s\u00e4ravalt kaunid?"}]},{"@type":"WebSite","@id":"https:\/\/intersalon.ee\/#website","url":"https:\/\/intersalon.ee\/","name":"Ilusalong Tallinnas","description":"Ilusalong Tallinnas","publisher":{"@id":"https:\/\/intersalon.ee\/#organization"},"potentialAction":[{"@type":"SearchAction","target":{"@type":"EntryPoint","urlTemplate":"https:\/\/intersalon.ee\/?s={search_term_string}"},"query-input":{"@type":"PropertyValueSpecification","valueRequired":true,"valueName":"search_term_string"}}],"inLanguage":"en-US"},{"@type":"Organization","@id":"https:\/\/intersalon.ee\/#organization","name":"Ilusalong Intersalon","url":"https:\/\/intersalon.ee\/","logo":{"@type":"ImageObject","inLanguage":"en-US","@id":"https:\/\/intersalon.ee\/#\/schema\/logo\/image\/","url":"https:\/\/intersalon.ee\/wp-content\/uploads\/2015\/09\/intersalon_logo.png","contentUrl":"https:\/\/intersalon.ee\/wp-content\/uploads\/2015\/09\/intersalon_logo.png","width":519,"height":370,"caption":"Ilusalong Intersalon"},"image":{"@id":"https:\/\/intersalon.ee\/#\/schema\/logo\/image\/"},"sameAs":["https:\/\/www.facebook.com\/IlusalongIntersalon","https:\/\/www.instagram.com\/ilusalongintersalon\/","https:\/\/www.pinterest.com\/intersalon\/","https:\/\/www.youtube.com\/channel\/UC1ggIlZOY_4v9qbzPLCE5Zg"]},{"@type":"Person","@id":"https:\/\/intersalon.ee\/#\/schema\/person\/88f3150d92365f2803b4637e231689b4","name":"admin"}]}},"_links":{"self":[{"href":"https:\/\/intersalon.ee\/en\/wp-json\/wp\/v2\/posts\/7883","targetHints":{"allow":["GET"]}}],"collection":[{"href":"https:\/\/intersalon.ee\/en\/wp-json\/wp\/v2\/posts"}],"about":[{"href":"https:\/\/intersalon.ee\/en\/wp-json\/wp\/v2\/types\/post"}],"author":[{"embeddable":true,"href":"https:\/\/intersalon.ee\/en\/wp-json\/wp\/v2\/users\/1"}],"replies":[{"embeddable":true,"href":"https:\/\/intersalon.ee\/en\/wp-json\/wp\/v2\/comments?post=7883"}],"version-history":[{"count":2,"href":"https:\/\/intersalon.ee\/en\/wp-json\/wp\/v2\/posts\/7883\/revisions"}],"predecessor-version":[{"id":8002,"href":"https:\/\/intersalon.ee\/en\/wp-json\/wp\/v2\/posts\/7883\/revisions\/8002"}],"wp:featuredmedia":[{"embeddable":true,"href":"https:\/\/intersalon.ee\/en\/wp-json\/wp\/v2\/media\/7917"}],"wp:attachment":[{"href":"https:\/\/intersalon.ee\/en\/wp-json\/wp\/v2\/media?parent=7883"}],"wp:term":[{"taxonomy":"category","embeddable":true,"href":"https:\/\/intersalon.ee\/en\/wp-json\/wp\/v2\/categories?post=7883"},{"taxonomy":"post_tag","embeddable":true,"href":"https:\/\/intersalon.ee\/en\/wp-json\/wp\/v2\/tags?post=7883"}],"curies":[{"name":"wp","href":"https:\/\/api.w.org\/{rel}","templated":true}]}}