{"id":5381,"date":"2016-02-15T00:20:50","date_gmt":"2016-02-14T22:20:50","guid":{"rendered":"http:\/\/intersalon.ee\/?p=5381"},"modified":"2016-03-15T00:31:20","modified_gmt":"2016-03-14T22:31:20","slug":"kinnisvaramaaklerite-ja-pankurite-sobrapaev-intersalonis","status":"publish","type":"post","link":"https:\/\/intersalon.ee\/en\/kinnisvaramaaklerite-ja-pankurite-sobrapaev-intersalonis\/","title":{"rendered":"Kinnisvaramaaklerite ja pankurite s\u00f5brap\u00e4ev Intersalonis."},"content":{"rendered":"<div class=\"wpb-content-wrapper\"><section  class=\"content-section full-width with-col cover rella-no-padding rella-no-margin    content-section-69f3b48d31511\"><div class=\"row vc_row-fluid\"><div class=\"wpb_column col-md-12\"><h2  class=\"section-title  mb-70 mb-sm-40 font-alt align-left\" style=\"margin-bottom:15px;\">Kinnisvaramaaklerite ja pankurite s\u00f5brap\u00e4ev Intersalonis<\/h2><div class=\"section-text text-block \" ><p>Intersaloni tiimil oli meeldiv v\u00f5imalus v\u00f5\u00f5rustada meie salongis Uus Maa kinnisvarab\u00fcroo toredaid maaklereid ja Swedbanga r\u00f5\u00f5msaid t\u00f6\u00f6tajaid.<\/p>\n<p>&#8220;S\u00f5brap\u00e4evaeri&#8221; nime all toimunud meeleoluka \u00f5htupooliku jooksul said julgemad endale uudsema v\u00e4limuse, millega kaaskolleege \u00fcllatada.<\/p>\n<p>Muutusele andsid panuse loomulikult Intersaloni osavad juuksurid koos moekunstniku K\u00e4tlin Haagi \u00a0\/<a href=\"https:\/\/www.facebook.com\/haakfashion\/\" target=\"_blank\">HAAK<\/a>\/ ja jumestaja Laura Sallaga \/<a href=\"https:\/\/www.facebook.com\/LauraJumestus\/\" target=\"_blank\">Laura Salla Make Up<\/a>\/. Kevadeh\u00f5ngulised riidekollektsioonid pani v\u00e4lja <a href=\"https:\/\/www.facebook.com\/Cortefiel-Eesti-651951264906792\/\" target=\"_blank\">Cortefiel Eesti<\/a>. P\u00f5neva \u00fclevaate moest andis moekunstnik Kalle Aasam\u00e4e \/<a href=\"http:\/\/www.kalleht.com\/index.php\/en\/\" target=\"_blank\">Kalle HT<\/a>\/ ja eriti m\u00f5nusa olemise tekitasid oma muusikaga vennad Uku ja Sebastian Talmarid <a href=\"https:\/\/www.facebook.com\/Kultuuriklubi-Kelm-1434886726756294\/\" target=\"_blank\">Kultuuriklubist &#8220;Kelm&#8221;<\/a>.<\/p>\n<p>Oleme r\u00f5\u00f5msad uute s\u00f5prade \u00fcle!<\/p>\n<p>Vaata galeriid toimunud \u00fcritusest meie <a href=\"https:\/\/www.facebook.com\/media\/set\/?set=a.960302427338220.1073741873.375020219199780&amp;type=1&amp;l=bc9d51bb5f\" target=\"_blank\">Facebooki lehelt<\/a><\/p>\n<\/div><\/div><\/div><\/section>\n<\/div>","protected":false},"excerpt":{"rendered":"Kinnisvaramaaklerite ja pankurite s\u00f5brap\u00e4ev IntersalonisIntersaloni tiimil oli meeldiv v\u00f5imalus v\u00f5\u00f5rustada meie salongis Uus Maa kinnisvarab\u00fcroo toredaid maaklereid ja Swedbanga r\u00f5\u00f5msaid t\u00f6\u00f6tajaid. \"S\u00f5brap\u00e4evaeri\" nime all toimunud meeleoluka \u00f5htupooliku jooksul said julgemad endale uudsema v\u00e4limuse, millega kaaskolleege \u00fcllatada. Muutusele andsid panuse loomulikult Intersaloni osavad juuksurid koos moekunstniku K\u00e4tlin Haagi \u00a0\/HAAK\/ ja jumestaja Laura Sallaga \/Laura Salla Make","protected":false},"author":1,"featured_media":5405,"comment_status":"open","ping_status":"open","sticky":false,"template":"","format":"standard","meta":{"inline_featured_image":false,"footnotes":"","_wp_rev_ctl_limit":""},"categories":[151],"tags":[],"class_list":["post-5381","post","type-post","status-publish","format-standard","has-post-thumbnail","hentry","category-salongi-uudised"],"yoast_head":"<!-- This site is optimized with the Yoast SEO plugin v27.1.1 - https:\/\/yoast.com\/product\/yoast-seo-wordpress\/ -->\n<title>Kinnisvaramaaklerite ja pankurite s\u00f5brap\u00e4ev Intersalonis. - Ilusalong Intersalon<\/title>\n<meta name=\"robots\" content=\"index, follow, max-snippet:-1, max-image-preview:large, max-video-preview:-1\" \/>\n<link rel=\"canonical\" href=\"https:\/\/intersalon.ee\/en\/kinnisvaramaaklerite-ja-pankurite-sobrapaev-intersalonis\/\" \/>\n<meta property=\"og:locale\" content=\"en_US\" \/>\n<meta property=\"og:type\" content=\"article\" \/>\n<meta property=\"og:title\" content=\"Kinnisvaramaaklerite ja pankurite s\u00f5brap\u00e4ev Intersalonis. - Ilusalong Intersalon\" \/>\n<meta property=\"og:url\" content=\"https:\/\/intersalon.ee\/en\/kinnisvaramaaklerite-ja-pankurite-sobrapaev-intersalonis\/\" \/>\n<meta property=\"og:site_name\" content=\"Ilusalong Intersalon\" \/>\n<meta property=\"article:publisher\" content=\"https:\/\/www.facebook.com\/IlusalongIntersalon\" \/>\n<meta property=\"article:published_time\" content=\"2016-02-14T22:20:50+00:00\" \/>\n<meta property=\"article:modified_time\" content=\"2016-03-14T22:31:20+00:00\" \/>\n<meta property=\"og:image\" content=\"https:\/\/intersalon.ee\/wp-content\/uploads\/2016\/03\/DSC_0048.jpg\" \/>\n\t<meta property=\"og:image:width\" content=\"3008\" \/>\n\t<meta property=\"og:image:height\" content=\"2000\" \/>\n\t<meta property=\"og:image:type\" content=\"image\/jpeg\" \/>\n<meta name=\"author\" content=\"admin\" \/>\n<meta name=\"twitter:card\" content=\"summary_large_image\" \/>\n<meta name=\"twitter:label1\" content=\"Written by\" \/>\n\t<meta name=\"twitter:data1\" content=\"admin\" \/>\n\t<meta name=\"twitter:label2\" content=\"Est. reading time\" \/>\n\t<meta name=\"twitter:data2\" content=\"1 minute\" \/>\n<script type=\"application\/ld+json\" class=\"yoast-schema-graph\">{\"@context\":\"https:\/\/schema.org\",\"@graph\":[{\"@type\":\"Article\",\"@id\":\"https:\/\/intersalon.ee\/en\/kinnisvaramaaklerite-ja-pankurite-sobrapaev-intersalonis\/#article\",\"isPartOf\":{\"@id\":\"https:\/\/intersalon.ee\/en\/kinnisvaramaaklerite-ja-pankurite-sobrapaev-intersalonis\/\"},\"author\":{\"name\":\"admin\",\"@id\":\"https:\/\/intersalon.ee\/#\/schema\/person\/88f3150d92365f2803b4637e231689b4\"},\"headline\":\"Kinnisvaramaaklerite ja pankurite s\u00f5brap\u00e4ev Intersalonis.\",\"datePublished\":\"2016-02-14T22:20:50+00:00\",\"dateModified\":\"2016-03-14T22:31:20+00:00\",\"mainEntityOfPage\":{\"@id\":\"https:\/\/intersalon.ee\/en\/kinnisvaramaaklerite-ja-pankurite-sobrapaev-intersalonis\/\"},\"wordCount\":143,\"commentCount\":0,\"publisher\":{\"@id\":\"https:\/\/intersalon.ee\/#organization\"},\"image\":{\"@id\":\"https:\/\/intersalon.ee\/en\/kinnisvaramaaklerite-ja-pankurite-sobrapaev-intersalonis\/#primaryimage\"},\"thumbnailUrl\":\"https:\/\/intersalon.ee\/wp-content\/uploads\/2016\/03\/DSC_0048.jpg\",\"articleSection\":[\"Salongi uudised\"],\"inLanguage\":\"en-US\"},{\"@type\":\"WebPage\",\"@id\":\"https:\/\/intersalon.ee\/en\/kinnisvaramaaklerite-ja-pankurite-sobrapaev-intersalonis\/\",\"url\":\"https:\/\/intersalon.ee\/en\/kinnisvaramaaklerite-ja-pankurite-sobrapaev-intersalonis\/\",\"name\":\"Kinnisvaramaaklerite ja pankurite s\u00f5brap\u00e4ev Intersalonis. - Ilusalong Intersalon\",\"isPartOf\":{\"@id\":\"https:\/\/intersalon.ee\/#website\"},\"primaryImageOfPage\":{\"@id\":\"https:\/\/intersalon.ee\/en\/kinnisvaramaaklerite-ja-pankurite-sobrapaev-intersalonis\/#primaryimage\"},\"image\":{\"@id\":\"https:\/\/intersalon.ee\/en\/kinnisvaramaaklerite-ja-pankurite-sobrapaev-intersalonis\/#primaryimage\"},\"thumbnailUrl\":\"https:\/\/intersalon.ee\/wp-content\/uploads\/2016\/03\/DSC_0048.jpg\",\"datePublished\":\"2016-02-14T22:20:50+00:00\",\"dateModified\":\"2016-03-14T22:31:20+00:00\",\"breadcrumb\":{\"@id\":\"https:\/\/intersalon.ee\/en\/kinnisvaramaaklerite-ja-pankurite-sobrapaev-intersalonis\/#breadcrumb\"},\"inLanguage\":\"en-US\",\"potentialAction\":[{\"@type\":\"ReadAction\",\"target\":[\"https:\/\/intersalon.ee\/en\/kinnisvaramaaklerite-ja-pankurite-sobrapaev-intersalonis\/\"]}]},{\"@type\":\"ImageObject\",\"inLanguage\":\"en-US\",\"@id\":\"https:\/\/intersalon.ee\/en\/kinnisvaramaaklerite-ja-pankurite-sobrapaev-intersalonis\/#primaryimage\",\"url\":\"https:\/\/intersalon.ee\/wp-content\/uploads\/2016\/03\/DSC_0048.jpg\",\"contentUrl\":\"https:\/\/intersalon.ee\/wp-content\/uploads\/2016\/03\/DSC_0048.jpg\",\"width\":3008,\"height\":2000,\"caption\":\"kliendi\u00fcritus intersalonis\"},{\"@type\":\"BreadcrumbList\",\"@id\":\"https:\/\/intersalon.ee\/en\/kinnisvaramaaklerite-ja-pankurite-sobrapaev-intersalonis\/#breadcrumb\",\"itemListElement\":[{\"@type\":\"ListItem\",\"position\":1,\"name\":\"Home\",\"item\":\"https:\/\/intersalon.ee\/en\/\"},{\"@type\":\"ListItem\",\"position\":2,\"name\":\"Kinnisvaramaaklerite ja pankurite s\u00f5brap\u00e4ev Intersalonis.\"}]},{\"@type\":\"WebSite\",\"@id\":\"https:\/\/intersalon.ee\/#website\",\"url\":\"https:\/\/intersalon.ee\/\",\"name\":\"Ilusalong Tallinnas\",\"description\":\"Ilusalong Tallinnas\",\"publisher\":{\"@id\":\"https:\/\/intersalon.ee\/#organization\"},\"potentialAction\":[{\"@type\":\"SearchAction\",\"target\":{\"@type\":\"EntryPoint\",\"urlTemplate\":\"https:\/\/intersalon.ee\/?s={search_term_string}\"},\"query-input\":{\"@type\":\"PropertyValueSpecification\",\"valueRequired\":true,\"valueName\":\"search_term_string\"}}],\"inLanguage\":\"en-US\"},{\"@type\":\"Organization\",\"@id\":\"https:\/\/intersalon.ee\/#organization\",\"name\":\"Ilusalong Intersalon\",\"url\":\"https:\/\/intersalon.ee\/\",\"logo\":{\"@type\":\"ImageObject\",\"inLanguage\":\"en-US\",\"@id\":\"https:\/\/intersalon.ee\/#\/schema\/logo\/image\/\",\"url\":\"https:\/\/intersalon.ee\/wp-content\/uploads\/2015\/09\/intersalon_logo.png\",\"contentUrl\":\"https:\/\/intersalon.ee\/wp-content\/uploads\/2015\/09\/intersalon_logo.png\",\"width\":519,\"height\":370,\"caption\":\"Ilusalong Intersalon\"},\"image\":{\"@id\":\"https:\/\/intersalon.ee\/#\/schema\/logo\/image\/\"},\"sameAs\":[\"https:\/\/www.facebook.com\/IlusalongIntersalon\",\"https:\/\/www.instagram.com\/ilusalongintersalon\/\",\"https:\/\/www.pinterest.com\/intersalon\/\",\"https:\/\/www.youtube.com\/channel\/UC1ggIlZOY_4v9qbzPLCE5Zg\"]},{\"@type\":\"Person\",\"@id\":\"https:\/\/intersalon.ee\/#\/schema\/person\/88f3150d92365f2803b4637e231689b4\",\"name\":\"admin\"}]}<\/script>\n<!-- \/ Yoast SEO plugin. -->","yoast_head_json":{"title":"Kinnisvaramaaklerite ja pankurite s\u00f5brap\u00e4ev Intersalonis. - Ilusalong Intersalon","robots":{"index":"index","follow":"follow","max-snippet":"max-snippet:-1","max-image-preview":"max-image-preview:large","max-video-preview":"max-video-preview:-1"},"canonical":"https:\/\/intersalon.ee\/en\/kinnisvaramaaklerite-ja-pankurite-sobrapaev-intersalonis\/","og_locale":"en_US","og_type":"article","og_title":"Kinnisvaramaaklerite ja pankurite s\u00f5brap\u00e4ev Intersalonis. - Ilusalong Intersalon","og_url":"https:\/\/intersalon.ee\/en\/kinnisvaramaaklerite-ja-pankurite-sobrapaev-intersalonis\/","og_site_name":"Ilusalong Intersalon","article_publisher":"https:\/\/www.facebook.com\/IlusalongIntersalon","article_published_time":"2016-02-14T22:20:50+00:00","article_modified_time":"2016-03-14T22:31:20+00:00","og_image":[{"width":3008,"height":2000,"url":"https:\/\/intersalon.ee\/wp-content\/uploads\/2016\/03\/DSC_0048.jpg","type":"image\/jpeg"}],"author":"admin","twitter_card":"summary_large_image","twitter_misc":{"Written by":"admin","Est. reading time":"1 minute"},"schema":{"@context":"https:\/\/schema.org","@graph":[{"@type":"Article","@id":"https:\/\/intersalon.ee\/en\/kinnisvaramaaklerite-ja-pankurite-sobrapaev-intersalonis\/#article","isPartOf":{"@id":"https:\/\/intersalon.ee\/en\/kinnisvaramaaklerite-ja-pankurite-sobrapaev-intersalonis\/"},"author":{"name":"admin","@id":"https:\/\/intersalon.ee\/#\/schema\/person\/88f3150d92365f2803b4637e231689b4"},"headline":"Kinnisvaramaaklerite ja pankurite s\u00f5brap\u00e4ev Intersalonis.","datePublished":"2016-02-14T22:20:50+00:00","dateModified":"2016-03-14T22:31:20+00:00","mainEntityOfPage":{"@id":"https:\/\/intersalon.ee\/en\/kinnisvaramaaklerite-ja-pankurite-sobrapaev-intersalonis\/"},"wordCount":143,"commentCount":0,"publisher":{"@id":"https:\/\/intersalon.ee\/#organization"},"image":{"@id":"https:\/\/intersalon.ee\/en\/kinnisvaramaaklerite-ja-pankurite-sobrapaev-intersalonis\/#primaryimage"},"thumbnailUrl":"https:\/\/intersalon.ee\/wp-content\/uploads\/2016\/03\/DSC_0048.jpg","articleSection":["Salongi uudised"],"inLanguage":"en-US"},{"@type":"WebPage","@id":"https:\/\/intersalon.ee\/en\/kinnisvaramaaklerite-ja-pankurite-sobrapaev-intersalonis\/","url":"https:\/\/intersalon.ee\/en\/kinnisvaramaaklerite-ja-pankurite-sobrapaev-intersalonis\/","name":"Kinnisvaramaaklerite ja pankurite s\u00f5brap\u00e4ev Intersalonis. - Ilusalong Intersalon","isPartOf":{"@id":"https:\/\/intersalon.ee\/#website"},"primaryImageOfPage":{"@id":"https:\/\/intersalon.ee\/en\/kinnisvaramaaklerite-ja-pankurite-sobrapaev-intersalonis\/#primaryimage"},"image":{"@id":"https:\/\/intersalon.ee\/en\/kinnisvaramaaklerite-ja-pankurite-sobrapaev-intersalonis\/#primaryimage"},"thumbnailUrl":"https:\/\/intersalon.ee\/wp-content\/uploads\/2016\/03\/DSC_0048.jpg","datePublished":"2016-02-14T22:20:50+00:00","dateModified":"2016-03-14T22:31:20+00:00","breadcrumb":{"@id":"https:\/\/intersalon.ee\/en\/kinnisvaramaaklerite-ja-pankurite-sobrapaev-intersalonis\/#breadcrumb"},"inLanguage":"en-US","potentialAction":[{"@type":"ReadAction","target":["https:\/\/intersalon.ee\/en\/kinnisvaramaaklerite-ja-pankurite-sobrapaev-intersalonis\/"]}]},{"@type":"ImageObject","inLanguage":"en-US","@id":"https:\/\/intersalon.ee\/en\/kinnisvaramaaklerite-ja-pankurite-sobrapaev-intersalonis\/#primaryimage","url":"https:\/\/intersalon.ee\/wp-content\/uploads\/2016\/03\/DSC_0048.jpg","contentUrl":"https:\/\/intersalon.ee\/wp-content\/uploads\/2016\/03\/DSC_0048.jpg","width":3008,"height":2000,"caption":"kliendi\u00fcritus intersalonis"},{"@type":"BreadcrumbList","@id":"https:\/\/intersalon.ee\/en\/kinnisvaramaaklerite-ja-pankurite-sobrapaev-intersalonis\/#breadcrumb","itemListElement":[{"@type":"ListItem","position":1,"name":"Home","item":"https:\/\/intersalon.ee\/en\/"},{"@type":"ListItem","position":2,"name":"Kinnisvaramaaklerite ja pankurite s\u00f5brap\u00e4ev Intersalonis."}]},{"@type":"WebSite","@id":"https:\/\/intersalon.ee\/#website","url":"https:\/\/intersalon.ee\/","name":"Ilusalong Tallinnas","description":"Ilusalong Tallinnas","publisher":{"@id":"https:\/\/intersalon.ee\/#organization"},"potentialAction":[{"@type":"SearchAction","target":{"@type":"EntryPoint","urlTemplate":"https:\/\/intersalon.ee\/?s={search_term_string}"},"query-input":{"@type":"PropertyValueSpecification","valueRequired":true,"valueName":"search_term_string"}}],"inLanguage":"en-US"},{"@type":"Organization","@id":"https:\/\/intersalon.ee\/#organization","name":"Ilusalong Intersalon","url":"https:\/\/intersalon.ee\/","logo":{"@type":"ImageObject","inLanguage":"en-US","@id":"https:\/\/intersalon.ee\/#\/schema\/logo\/image\/","url":"https:\/\/intersalon.ee\/wp-content\/uploads\/2015\/09\/intersalon_logo.png","contentUrl":"https:\/\/intersalon.ee\/wp-content\/uploads\/2015\/09\/intersalon_logo.png","width":519,"height":370,"caption":"Ilusalong Intersalon"},"image":{"@id":"https:\/\/intersalon.ee\/#\/schema\/logo\/image\/"},"sameAs":["https:\/\/www.facebook.com\/IlusalongIntersalon","https:\/\/www.instagram.com\/ilusalongintersalon\/","https:\/\/www.pinterest.com\/intersalon\/","https:\/\/www.youtube.com\/channel\/UC1ggIlZOY_4v9qbzPLCE5Zg"]},{"@type":"Person","@id":"https:\/\/intersalon.ee\/#\/schema\/person\/88f3150d92365f2803b4637e231689b4","name":"admin"}]}},"_links":{"self":[{"href":"https:\/\/intersalon.ee\/en\/wp-json\/wp\/v2\/posts\/5381","targetHints":{"allow":["GET"]}}],"collection":[{"href":"https:\/\/intersalon.ee\/en\/wp-json\/wp\/v2\/posts"}],"about":[{"href":"https:\/\/intersalon.ee\/en\/wp-json\/wp\/v2\/types\/post"}],"author":[{"embeddable":true,"href":"https:\/\/intersalon.ee\/en\/wp-json\/wp\/v2\/users\/1"}],"replies":[{"embeddable":true,"href":"https:\/\/intersalon.ee\/en\/wp-json\/wp\/v2\/comments?post=5381"}],"version-history":[{"count":1,"href":"https:\/\/intersalon.ee\/en\/wp-json\/wp\/v2\/posts\/5381\/revisions"}],"predecessor-version":[{"id":5409,"href":"https:\/\/intersalon.ee\/en\/wp-json\/wp\/v2\/posts\/5381\/revisions\/5409"}],"wp:featuredmedia":[{"embeddable":true,"href":"https:\/\/intersalon.ee\/en\/wp-json\/wp\/v2\/media\/5405"}],"wp:attachment":[{"href":"https:\/\/intersalon.ee\/en\/wp-json\/wp\/v2\/media?parent=5381"}],"wp:term":[{"taxonomy":"category","embeddable":true,"href":"https:\/\/intersalon.ee\/en\/wp-json\/wp\/v2\/categories?post=5381"},{"taxonomy":"post_tag","embeddable":true,"href":"https:\/\/intersalon.ee\/en\/wp-json\/wp\/v2\/tags?post=5381"}],"curies":[{"name":"wp","href":"https:\/\/api.w.org\/{rel}","templated":true}]}}